{"id":12099,"date":"2016-10-10T10:00:26","date_gmt":"2016-10-10T08:00:26","guid":{"rendered":"https:\/\/mundimueble.com\/?p=12099"},"modified":"2025-08-05T14:20:12","modified_gmt":"2025-08-05T12:20:12","slug":"mundimueble-potencia-su-web","status":"publish","type":"post","link":"https:\/\/mundimueble.com\/index.php\/mundimueble-potencia-su-web\/","title":{"rendered":"MundiMueble potencia su web"},"content":{"rendered":"<h1 style=\"text-align: justify;\">En <strong>Mundi<img decoding=\"async\" class=\"alignnone wp-image-11930\" src=\"https:\/\/mundimueble.com\/wp-content\/uploads\/2017\/07\/logoMundiMueblebola.png\" alt=\"\" width=\"22\" height=\"22\" \/>Mueble<\/strong>\u00a0trabajamos d\u00eda a d\u00eda para ofrecerte los mejores muebles en Bail\u00e9n y comarca.<\/h1>\n<p><img decoding=\"async\" class=\"size-full wp-image-11929 aligncenter\" src=\"https:\/\/mundimueble.com\/wp-content\/uploads\/2017\/07\/logoMundiMueble.png\" alt=\"\" width=\"362\" height=\"79\" srcset=\"https:\/\/mundimueble.com\/wp-content\/uploads\/2017\/07\/logoMundiMueble.png 362w, https:\/\/mundimueble.com\/wp-content\/uploads\/2017\/07\/logoMundiMueble-300x65.png 300w\" sizes=\"(max-width: 362px) 100vw, 362px\" \/><\/p>\n<p style=\"text-align: justify;\">Queremos ofrecerte las \u00faltimas tendencias en mueble de hogar y jard\u00edn, decoraci\u00f3n para tu casa, l\u00e1mparas e iluminaci\u00f3n, siempre con el mejor servicio y una atenci\u00f3n personalizada que notar\u00e1s desde el mismo momento en que entres por la puerta de nuestra exposici\u00f3n.<\/p>\n<p style=\"text-align: justify;\">En nuestra tienda de muebles y decoraci\u00f3n te esperamos siempre en darte un servicio profesional y especializado que se adapte a tus gustos y con un presupuesto adaptado a tu bolsillo.<\/p>\n<p style=\"text-align: justify;\">Contamos con una amplia cartera de clientes en todos los municipios de la zona: Bail\u00e9n, Linares, Ba\u00f1os de la Encina, Jabalquinto, Meng\u00edbar, And\u00fajar\u2026 a los que m\u00e1s que clientes, consideramos amigos.<\/p>\n<p style=\"text-align: justify;\">Por esto queremos que nos conozcas y que descubras todo lo que en <strong>Mundi<img decoding=\"async\" class=\"alignnone wp-image-11930\" src=\"https:\/\/mundimueble.com\/wp-content\/uploads\/2017\/07\/logoMundiMueblebola.png\" alt=\"\" width=\"22\" height=\"22\" \/>Mueble<\/strong>\u00a0podemos ofrecerte para decorar tu hogar. Da igual si se trata de amueblar tu casa completa o s\u00f3lo renovar alguna estancia, estamos seguros de poder ofrecerte aquello que tienes en mente. En nuestra amplia exposici\u00f3n podr\u00e1s ver, tocar y comprobar la calidad de los muebles que trabajamos, adem\u00e1s de contar con un amplio cat\u00e1logo, de manera que siempre podemos ofrecerte lo que buscas para amueblar tu hogar.<\/p>\n<p style=\"text-align: justify;\">Hemos revisado y actualizado nuestra web para que encuentres con mayor facilidad aquello que te ofrecemos: comedores de diferentes estilos, dormitorios, mesas de centro, entraditas, los mejores productos para el descanso (colchones, almohadas, somieres, canap\u00e9s\u2026), los sof\u00e1s m\u00e1s c\u00f3modos y adaptables a tu espacio\u2026 Adem\u00e1s siempre trabajamos con la mejores marcas y fabricantes, \u00a1porque t\u00fa no te mereces menos!<\/p>\n<p style=\"text-align: justify;\">Por supuesto queremos ofrecerte adem\u00e1s el mejor servicio, por eso siempre nos encargamos de transportar e instalar tus muebles, con la mayor rapidez y siempre por manos especialistas que cuidan hasta el \u00faltimo detalle para que tu satisfacci\u00f3n sea plena.<br \/>\nNo dejes de venir a visitarnos y d\u00e9janos sorprenderte.<\/p>\n<blockquote>\n<p style=\"text-align: right;\">En <strong>Mundi<img decoding=\"async\" class=\"alignnone wp-image-11930\" src=\"https:\/\/mundimueble.com\/wp-content\/uploads\/2017\/07\/logoMundiMueblebola.png\" alt=\"\" width=\"22\" height=\"22\" \/>Mueble<\/strong>\u00a0te ayudamos a hacer de tu hogar un hogar diferente.<\/p>\n<\/blockquote>\n","protected":false},"excerpt":{"rendered":"<p>En MundiMueble\u00a0trabajamos d\u00eda a d\u00eda para ofrecerte los mejores muebles en Bail\u00e9n y comarca. Queremos ofrecerte las \u00faltimas tendencias en mueble de hogar y jard\u00edn, decoraci\u00f3n para tu casa, l\u00e1mparas e iluminaci\u00f3n, siempre con el mejor servicio y una atenci\u00f3n personalizada que notar\u00e1s desde el mismo momento en que entres por la puerta de nuestra [&hellip;]<\/p>\n","protected":false},"author":1,"featured_media":11929,"comment_status":"closed","ping_status":"open","sticky":false,"template":"","format":"standard","meta":{"footnotes":""},"categories":[209],"tags":[236],"class_list":["post-12099","post","type-post","status-publish","format-standard","has-post-thumbnail","hentry","category-novedades","tag-tienda-de-muebles","entry","has-media","owp-thumbs-layout-horizontal","owp-btn-normal","owp-tabs-layout-horizontal","has-no-thumbnails","has-product-nav"],"_links":{"self":[{"href":"https:\/\/mundimueble.com\/index.php\/wp-json\/wp\/v2\/posts\/12099","targetHints":{"allow":["GET"]}}],"collection":[{"href":"https:\/\/mundimueble.com\/index.php\/wp-json\/wp\/v2\/posts"}],"about":[{"href":"https:\/\/mundimueble.com\/index.php\/wp-json\/wp\/v2\/types\/post"}],"author":[{"embeddable":true,"href":"https:\/\/mundimueble.com\/index.php\/wp-json\/wp\/v2\/users\/1"}],"replies":[{"embeddable":true,"href":"https:\/\/mundimueble.com\/index.php\/wp-json\/wp\/v2\/comments?post=12099"}],"version-history":[{"count":1,"href":"https:\/\/mundimueble.com\/index.php\/wp-json\/wp\/v2\/posts\/12099\/revisions"}],"predecessor-version":[{"id":12100,"href":"https:\/\/mundimueble.com\/index.php\/wp-json\/wp\/v2\/posts\/12099\/revisions\/12100"}],"wp:featuredmedia":[{"embeddable":true,"href":"https:\/\/mundimueble.com\/index.php\/wp-json\/wp\/v2\/media\/11929"}],"wp:attachment":[{"href":"https:\/\/mundimueble.com\/index.php\/wp-json\/wp\/v2\/media?parent=12099"}],"wp:term":[{"taxonomy":"category","embeddable":true,"href":"https:\/\/mundimueble.com\/index.php\/wp-json\/wp\/v2\/categories?post=12099"},{"taxonomy":"post_tag","embeddable":true,"href":"https:\/\/mundimueble.com\/index.php\/wp-json\/wp\/v2\/tags?post=12099"}],"curies":[{"name":"wp","href":"https:\/\/api.w.org\/{rel}","templated":true}]}}